{"id":4716,"date":"2020-04-02T15:58:38","date_gmt":"2020-04-02T13:58:38","guid":{"rendered":"https:\/\/vetica-group.com\/new-member-of-the-board-prof-jan-erik-baars\/"},"modified":"2024-02-12T16:13:37","modified_gmt":"2024-02-12T15:13:37","slug":"new-member-of-the-board-prof-jan-erik-baars","status":"publish","type":"post","link":"https:\/\/vetica-group.com\/de\/new-member-of-the-board-prof-jan-erik-baars\/","title":{"rendered":"Neues Mitglied im Verwaltungsrat: Prof. Jan-Erik Baars"},"content":{"rendered":"<div class=\"wpb-content-wrapper\"><p>[vc_section back_color=&#8220;color-jevc&#8220; overlay_alpha=&#8220;50&#8243; uncode_shortcode_id=&#8220;191252&#8243; back_color_type=&#8220;uncode-palette&#8220; el_class=&#8220;news-heading-section&#8220;][vc_row unlock_row_content=&#8220;yes&#8220; row_height_percent=&#8220;0&#8243; override_padding=&#8220;yes&#8220; h_padding=&#8220;0&#8243; top_padding=&#8220;0&#8243; bottom_padding=&#8220;0&#8243; back_color=&#8220;color-jevc&#8220; overlay_alpha=&#8220;50&#8243; gutter_size=&#8220;0&#8243; column_width_percent=&#8220;100&#8243; shift_y=&#8220;0&#8243; z_index=&#8220;0&#8243; uncode_shortcode_id=&#8220;202835&#8243; css=&#8220;.vc_custom_1669390575981{padding-right: 0px !important;padding-left: 0px !important;}&#8220; el_class=&#8220;news-heading-wrapper&#8220; back_color_type=&#8220;uncode-palette&#8220; row_height_pixel=&#8220;446&#8243;][vc_column column_width_percent=&#8220;100&#8243; gutter_size=&#8220;0&#8243; override_padding=&#8220;yes&#8220; column_padding=&#8220;0&#8243; expand_height=&#8220;yes&#8220; style=&#8220;dark&#8220; back_color=&#8220;color-jevc&#8220; overlay_alpha=&#8220;50&#8243; shift_x=&#8220;0&#8243; shift_y=&#8220;0&#8243; shift_y_down=&#8220;0&#8243; z_index=&#8220;0&#8243; medium_width=&#8220;0&#8243; mobile_width=&#8220;0&#8243; width=&#8220;1\/1&#8243; uncode_shortcode_id=&#8220;548642&#8243; back_color_type=&#8220;uncode-palette&#8220; el_class=&#8220;news-heading-wrapper-column&#8220;][vc_row_inner row_inner_height_percent=&#8220;100&#8243; overlay_alpha=&#8220;50&#8243; gutter_size=&#8220;3&#8243; shift_y=&#8220;0&#8243; z_index=&#8220;0&#8243; uncode_shortcode_id=&#8220;602082&#8243; el_class=&#8220;image-row&#8220; limit_content=&#8220;&#8220;][vc_column_inner column_width_percent=&#8220;100&#8243; gutter_size=&#8220;3&#8243; expand_height=&#8220;yes&#8220; style=&#8220;dark&#8220; overlay_alpha=&#8220;50&#8243; shift_x=&#8220;0&#8243; shift_y=&#8220;0&#8243; shift_y_down=&#8220;0&#8243; z_index=&#8220;0&#8243; medium_width=&#8220;0&#8243; mobile_width=&#8220;0&#8243; width=&#8220;1\/1&#8243; uncode_shortcode_id=&#8220;179610&#8243;][vc_single_image media=&#8220;3633&#8243; media_width_percent=&#8220;100&#8243; uncode_shortcode_id=&#8220;168333&#8243;][\/vc_column_inner][\/vc_row_inner][vc_row_inner row_inner_height_percent=&#8220;100&#8243; back_color=&#8220;color-jevc&#8220; overlay_alpha=&#8220;50&#8243; gutter_size=&#8220;0&#8243; shift_y=&#8220;0&#8243; z_index=&#8220;0&#8243; uncode_shortcode_id=&#8220;153492&#8243; el_class=&#8220;content-row&#8220; back_color_type=&#8220;uncode-palette&#8220; limit_content=&#8220;&#8220;][vc_column_inner column_width_use_pixel=&#8220;yes&#8220; gutter_size=&#8220;2&#8243; overlay_alpha=&#8220;50&#8243; shift_x=&#8220;0&#8243; shift_y=&#8220;0&#8243; shift_y_down=&#8220;0&#8243; z_index=&#8220;0&#8243; medium_width=&#8220;0&#8243; mobile_width=&#8220;0&#8243; width=&#8220;1\/2&#8243; uncode_shortcode_id=&#8220;629440&#8243; column_width_pixel=&#8220;437&#8243;][uncode_info_box items=&#8220;Date&#8220; text_font=&#8220;font-177265&#8243; text_size=&#8220;fontsize-127842&#8243; text_weight=&#8220;400&#8243; separator=&#8220;bullet&#8220;][vc_custom_heading auto_text=&#8220;yes&#8220; uncode_shortcode_id=&#8220;176256&#8243;]This is a custom heading element.[\/vc_custom_heading][\/vc_column_inner][vc_column_inner width=&#8220;1\/2&#8243;][vc_raw_html]PGEgaHJlZj0iaHR0cHM6Ly93cHJlcGxpYy0xOTk2LmRlbW9zcnYucmV2aWV3L3N0YWdpbmcvZGUvbmV3cy8iPjxzdmcgeG1sbnM9Imh0dHA6Ly93d3cudzMub3JnLzIwMDAvc3ZnIiBpZD0iUHJvamVjdCIgd2lkdGg9IjQ4IiBoZWlnaHQ9IjQ4IiB2aWV3Ym94PSIwIDAgNDggNDgiPgogIDxnIGlkPSJHcm91cF8xODEiIGRhdGEtbmFtZT0iR3JvdXAgMTgxIiB0cmFuc2Zvcm09InRyYW5zbGF0ZSgyNDAgNDgpIj4KICAgIDxnIGlkPSJTYWZlX0FyZWEiIGRhdGEtbmFtZT0iU2FmZSBBcmVhIiB0cmFuc2Zvcm09InRyYW5zbGF0ZSgtMjQwIC00OCkiPgogICAgICA8cmVjdCBpZD0iUmVjdGFuZ2xlXzIwMCIgZGF0YS1uYW1lPSJSZWN0YW5nbGUgMjAwIiB3aWR0aD0iNDgiIGhlaWdodD0iNDgiIGZpbGw9Im5vbmUiPjwvcmVjdD4KICAgIDwvZz4KICAgIDxnIGlkPSJJY29ucyIgdHJhbnNmb3JtPSJ0cmFuc2xhdGUoLTIzNCAtNDIpIj4KICAgICAgPHBhdGggaWQ9IlJlY3RhbmdsZV8xNCIgZGF0YS1uYW1lPSJSZWN0YW5nbGUgMTQiIGQ9Ik0tMjMzLTQ1aDEydjIwaC0xNlYtNDFBNCw0LDAsMCwxLTIzMy00NVoiIHRyYW5zZm9ybT0idHJhbnNsYXRlKDIzNyA0NSkiIGZpbGw9IiNlMDAwMDAiPjwvcGF0aD4KICAgICAgPHBhdGggaWQ9IlJlY3RhbmdsZV8xNyIgZGF0YS1uYW1lPSJSZWN0YW5nbGUgMTciIGQ9Ik0tMjM3LTMzaDE2djEyaC0xMmE0LDQsMCwwLDEtNC00WiIgdHJhbnNmb3JtPSJ0cmFuc2xhdGUoMjM3IDU3KSIgZmlsbD0iI2UwMDAwMCI+PC9wYXRoPgogICAgICA8cGF0aCBpZD0iUmVjdGFuZ2xlXzE1IiBkYXRhLW5hbWU9IlJlY3RhbmdsZSAxNSIgZD0iTS0yMjctNDVoMTJhNCw0LDAsMCwxLDQsNHY4aC0xNloiIHRyYW5zZm9ybT0idHJhbnNsYXRlKDI0NyA0NSkiIGZpbGw9IiNlMDAwMDAiPjwvcGF0aD4KICAgICAgPHBhdGggaWQ9IlJlY3RhbmdsZV8xNiIgZGF0YS1uYW1lPSJSZWN0YW5nbGUgMTYiIGQ9Ik0tMjI3LTM3aDE2djE2YTQsNCwwLDAsMS00LDRoLTEyWiIgdHJhbnNmb3JtPSJ0cmFuc2xhdGUoMjQ3IDUzKSIgZmlsbD0iI2UwMDAwMCI+PC9wYXRoPgogICAgPC9nPgogIDwvZz4KPC9zdmc+CjwvYT4KPHN2ZyB4bWxucz0iaHR0cDovL3d3dy53My5vcmcvMjAwMC9zdmciIGlkPSJTaGFyZSIgd2lkdGg9IjQ4IiBoZWlnaHQ9IjQ4IiB2aWV3Ym94PSIwIDAgNDggNDgiPgogIDxnIGlkPSJHcm91cF8xODIiIGRhdGEtbmFtZT0iR3JvdXAgMTgyIiB0cmFuc2Zvcm09InRyYW5zbGF0ZSgxOTIgNDgpIj4KICAgIDxnIGlkPSJTYWZlX0FyZWEiIGRhdGEtbmFtZT0iU2FmZSBBcmVhIiB0cmFuc2Zvcm09InRyYW5zbGF0ZSgtMTkyIC00OCkiPgogICAgICA8cmVjdCBpZD0iUmVjdGFuZ2xlXzIwMSIgZGF0YS1uYW1lPSJSZWN0YW5nbGUgMjAxIiB3aWR0aD0iNDgiIGhlaWdodD0iNDgiIGZpbGw9Im5vbmUiPjwvcmVjdD4KICAgIDwvZz4KICAgIDxnIGlkPSJJY29ucyIgdHJhbnNmb3JtPSJ0cmFuc2xhdGUoLTE4NiAtNDIpIj4KICAgICAgPGxpbmUgaWQ9IkxpbmVfMjIiIGRhdGEtbmFtZT0iTGluZSAyMiIgeTE9IjEyIiB4Mj0iMjQuMDAxIiB0cmFuc2Zvcm09InRyYW5zbGF0ZSg1Ljk5OSA2KSIgZmlsbD0ibm9uZSIgc3Ryb2tlPSIjZTAwMDAwIiBzdHJva2Utd2lkdGg9IjIiPjwvbGluZT4KICAgICAgPGxpbmUgaWQ9IkxpbmVfMjMiIGRhdGEtbmFtZT0iTGluZSAyMyIgeDI9IjI0LjAwMSIgeTI9IjEwIiB0cmFuc2Zvcm09InRyYW5zbGF0ZSg1Ljk5OSAxOCkiIGZpbGw9Im5vbmUiIHN0cm9rZT0iI2UwMDAwMCIgc3Ryb2tlLXdpZHRoPSIyIj48L2xpbmU+CiAgICAgIDxjaXJjbGUgaWQ9IkVsbGlwc2VfNyIgZGF0YS1uYW1lPSJFbGxpcHNlIDciIGN4PSI2IiBjeT0iNiIgcj0iNiIgdHJhbnNmb3JtPSJ0cmFuc2xhdGUoMjQpIiBmaWxsPSIjZTAwMDAwIj48L2NpcmNsZT4KICAgICAgPGNpcmNsZSBpZD0iRWxsaXBzZV84IiBkYXRhLW5hbWU9IkVsbGlwc2UgOCIgY3g9IjYiIGN5PSI2IiByPSI2IiB0cmFuc2Zvcm09InRyYW5zbGF0ZSgyNCAyMikiIGZpbGw9IiNlMDAwMDAiPjwvY2lyY2xlPgogICAgICA8Y2lyY2xlIGlkPSJFbGxpcHNlXzkiIGRhdGEtbmFtZT0iRWxsaXBzZSA5IiBjeD0iNiIgY3k9IjYiIHI9IjYiIHRyYW5zZm9ybT0idHJhbnNsYXRlKDAgMTIpIiBmaWxsPSIjZTAwMDAwIj48L2NpcmNsZT4KICAgIDwvZz4KICA8L2c+Cjwvc3ZnPg==[\/vc_raw_html][uncode_share layout=&#8220;multiple&#8220; no_back=&#8220;yes&#8220; el_class=&#8220;heading-share-icons&#8220;][\/vc_column_inner][\/vc_row_inner][\/vc_column][\/vc_row][\/vc_section][vc_section back_color=&#8220;color-xsdn&#8220; overlay_alpha=&#8220;50&#8243; uncode_shortcode_id=&#8220;161648&#8243; back_color_type=&#8220;uncode-palette&#8220; el_class=&#8220;text-section&#8220;][vc_row unlock_row=&#8220;&#8220; row_height_percent=&#8220;0&#8243; override_padding=&#8220;yes&#8220; h_padding=&#8220;0&#8243; top_padding=&#8220;0&#8243; bottom_padding=&#8220;0&#8243; overlay_alpha=&#8220;50&#8243; gutter_size=&#8220;0&#8243; column_width_percent=&#8220;100&#8243; shift_y=&#8220;0&#8243; z_index=&#8220;0&#8243; uncode_shortcode_id=&#8220;755976&#8243; css=&#8220;.vc_custom_1667376611557{padding-right: 20px !important;padding-left: 20px !important;}&#8220;][vc_column column_width_use_pixel=&#8220;yes&#8220; position_vertical=&#8220;middle&#8220; gutter_size=&#8220;3&#8243; style=&#8220;light&#8220; overlay_alpha=&#8220;50&#8243; shift_x=&#8220;0&#8243; shift_y=&#8220;0&#8243; shift_y_down=&#8220;0&#8243; z_index=&#8220;0&#8243; medium_width=&#8220;0&#8243; mobile_width=&#8220;0&#8243; width=&#8220;1\/1&#8243; uncode_shortcode_id=&#8220;183523&#8243; column_width_pixel=&#8220;876&#8243; css=&#8220;.vc_custom_1669907314360{border-right-width: 0px !important;border-left-width: 0px !important;}&#8220;][vc_empty_space empty_h=&#8220;2&#8243; mobile_visibility=&#8220;yes&#8220;][vc_empty_space empty_h=&#8220;1&#8243; medium_visibility=&#8220;yes&#8220; mobile_visibility=&#8220;yes&#8220;][vc_empty_space empty_h=&#8220;0&#8243; medium_visibility=&#8220;yes&#8220; mobile_visibility=&#8220;yes&#8220;][vc_column_text text_color=&#8220;color-184738&#8243; uncode_shortcode_id=&#8220;382744&#8243; text_color_type=&#8220;uncode-palette&#8220; el_class=&#8220;text-block&#8220;]<\/p>\n<h4>Jan-Erik Baars ist seit dem 1. M\u00e4rz 2020 Mitglied im Verwaltungsrat der Vetica Group. Durch seine langj\u00e4hrige Erfahrung als Designer, Designmanager und Strategieberater, sowie als Professor f\u00fcr Designmanagement bringt er einen grossen Mehrwert in unser Team.<\/h4>\n<p style=\"margin: 4% 10%;\">Er begann seine berufliche Laufbahn 1990 als Industriedesigner bei Philips in den Niederlanden, wo er zun\u00e4chst medizinische Ger\u00e4te und dann Verbraucherprodukte entwarf. W\u00e4hrend seiner 19 Jahre bei Philips arbeitete er sich bis zum Head of Design hoch und wechselte dann ins Designmanagement. Nach einer kurzen T\u00e4tigkeit bei der Deutschen Telekom wechselte er 2011 an die Hochschule Luzern, wo er den Studiengang Design Management leitete. Zusammen mit Partnern gr\u00fcndete er au\u00dferdem die Beratungsagentur Prenew, mit der er Unternehmen in Fragen des Designmanagements ber\u00e4t. 2018 erschien sein Buch &#8222;Leading Design&#8220; im M\u00fcnchner Vahlen Verlag, das mittlerweile als Handbuch f\u00fcr den strategischen Einsatz von Design in Unternehmen gilt. Weitere Informationen \u00fcber Jan-Erik finden Sie unter <span style=\"color: #e00000;\"><a style=\"color: #e00000;\" title=\"Jan Erik Baars Website\" href=\"http:\/\/www.janerikbaars.com\/\" target=\"_blank\" rel=\"noopener\">www.janerikbaars.com<\/a><\/span>.<\/p>\n<p style=\"margin: 4% 10%;\">Jan-Erik \u00fcber sich selbst: &#8222;<em>Ich habe eine Mission: Ich m\u00f6chte Unternehmen und Designern helfen, das Beste aus ihrer Zusammenarbeit zu machen. Um dies zu erm\u00f6glichen, schlage ich Br\u00fccken zwischen Design und Management, damit zusammenkommt, was zusammen geh\u00f6rt<\/em>!&#8220;<\/p>\n<p>[\/vc_column_text][vc_empty_space empty_h=&#8220;3&#8243; mobile_visibility=&#8220;yes&#8220;][vc_empty_space empty_h=&#8220;1&#8243;][\/vc_column][\/vc_row][\/vc_section]<\/p>\n<\/div>","protected":false},"excerpt":{"rendered":"<p>Jan-Erik Baars ist seit dem 1. M\u00e4rz 2020 Mitglied im Verwaltungsrat der Vetica Group. Durch seine langj\u00e4hrige Erfahrung als Designer, Designmanager&#8230;<\/p>\n","protected":false},"author":14,"featured_media":3635,"comment_status":"closed","ping_status":"open","sticky":false,"template":"","format":"standard","meta":{"footnotes":""},"categories":[76],"tags":[],"class_list":["post-4716","post","type-post","status-publish","format-standard","has-post-thumbnail","hentry","category-news-de"],"yoast_head":"<!-- This site is optimized with the Yoast SEO plugin v27.4 - https:\/\/yoast.com\/product\/yoast-seo-wordpress\/ -->\n<title>Neues Mitglied im Verwaltungsrat: Prof. Jan-Erik Baars &#8226; Vetica Group AG<\/title>\n<meta name=\"robots\" content=\"index, follow, max-snippet:-1, max-image-preview:large, max-video-preview:-1\" \/>\n<link rel=\"canonical\" href=\"https:\/\/vetica-group.com\/de\/new-member-of-the-board-prof-jan-erik-baars\/\" \/>\n<meta property=\"og:locale\" content=\"de_DE\" \/>\n<meta property=\"og:type\" content=\"article\" \/>\n<meta property=\"og:title\" content=\"Neues Mitglied im Verwaltungsrat: Prof. Jan-Erik Baars &#8226; Vetica Group AG\" \/>\n<meta property=\"og:description\" content=\"Jan-Erik Baars ist seit dem 1. M\u00e4rz 2020 Mitglied im Verwaltungsrat der Vetica Group. Durch seine langj\u00e4hrige Erfahrung als Designer, Designmanager...\" \/>\n<meta property=\"og:url\" content=\"https:\/\/vetica-group.com\/de\/new-member-of-the-board-prof-jan-erik-baars\/\" \/>\n<meta property=\"og:site_name\" content=\"Vetica Group AG\" \/>\n<meta property=\"article:publisher\" content=\"https:\/\/www.facebook.com\/veticagroup\/\" \/>\n<meta property=\"article:published_time\" content=\"2020-04-02T13:58:38+00:00\" \/>\n<meta property=\"article:modified_time\" content=\"2024-02-12T15:13:37+00:00\" \/>\n<meta property=\"og:image\" content=\"https:\/\/vetica-group.com\/wp-content\/uploads\/2022\/12\/2020_04_New_Team_member_Jan_Erik.jpg\" \/>\n\t<meta property=\"og:image:width\" content=\"1920\" \/>\n\t<meta property=\"og:image:height\" content=\"1080\" \/>\n\t<meta property=\"og:image:type\" content=\"image\/jpeg\" \/>\n<meta name=\"author\" content=\"Vetica Group\" \/>\n<meta name=\"twitter:card\" content=\"summary_large_image\" \/>\n<meta name=\"twitter:creator\" content=\"@veticagroup\" \/>\n<meta name=\"twitter:site\" content=\"@veticagroup\" \/>\n<meta name=\"twitter:label1\" content=\"Verfasst von\" \/>\n\t<meta name=\"twitter:data1\" content=\"Vetica Group\" \/>\n\t<meta name=\"twitter:label2\" content=\"Gesch\u00e4tzte Lesezeit\" \/>\n\t<meta name=\"twitter:data2\" content=\"3\u00a0Minuten\" \/>\n<script type=\"application\/ld+json\" class=\"yoast-schema-graph\">{\"@context\":\"https:\\\/\\\/schema.org\",\"@graph\":[{\"@type\":\"Article\",\"@id\":\"https:\\\/\\\/vetica-group.com\\\/de\\\/new-member-of-the-board-prof-jan-erik-baars\\\/#article\",\"isPartOf\":{\"@id\":\"https:\\\/\\\/vetica-group.com\\\/de\\\/new-member-of-the-board-prof-jan-erik-baars\\\/\"},\"author\":{\"name\":\"Vetica Group\",\"@id\":\"https:\\\/\\\/vetica-group.com\\\/de\\\/#\\\/schema\\\/person\\\/c6594bb349e22c92165d0bde48afd885\"},\"headline\":\"Neues Mitglied im Verwaltungsrat: Prof. Jan-Erik Baars\",\"datePublished\":\"2020-04-02T13:58:38+00:00\",\"dateModified\":\"2024-02-12T15:13:37+00:00\",\"mainEntityOfPage\":{\"@id\":\"https:\\\/\\\/vetica-group.com\\\/de\\\/new-member-of-the-board-prof-jan-erik-baars\\\/\"},\"wordCount\":1012,\"publisher\":{\"@id\":\"https:\\\/\\\/vetica-group.com\\\/de\\\/#organization\"},\"image\":{\"@id\":\"https:\\\/\\\/vetica-group.com\\\/de\\\/new-member-of-the-board-prof-jan-erik-baars\\\/#primaryimage\"},\"thumbnailUrl\":\"https:\\\/\\\/vetica-group.com\\\/wp-content\\\/uploads\\\/2022\\\/12\\\/2020_04_New_Team_member_Jan_Erik.jpg\",\"articleSection\":[\"News\"],\"inLanguage\":\"de\"},{\"@type\":\"WebPage\",\"@id\":\"https:\\\/\\\/vetica-group.com\\\/de\\\/new-member-of-the-board-prof-jan-erik-baars\\\/\",\"url\":\"https:\\\/\\\/vetica-group.com\\\/de\\\/new-member-of-the-board-prof-jan-erik-baars\\\/\",\"name\":\"Neues Mitglied im Verwaltungsrat: Prof. Jan-Erik Baars &#8226; Vetica Group AG\",\"isPartOf\":{\"@id\":\"https:\\\/\\\/vetica-group.com\\\/de\\\/#website\"},\"primaryImageOfPage\":{\"@id\":\"https:\\\/\\\/vetica-group.com\\\/de\\\/new-member-of-the-board-prof-jan-erik-baars\\\/#primaryimage\"},\"image\":{\"@id\":\"https:\\\/\\\/vetica-group.com\\\/de\\\/new-member-of-the-board-prof-jan-erik-baars\\\/#primaryimage\"},\"thumbnailUrl\":\"https:\\\/\\\/vetica-group.com\\\/wp-content\\\/uploads\\\/2022\\\/12\\\/2020_04_New_Team_member_Jan_Erik.jpg\",\"datePublished\":\"2020-04-02T13:58:38+00:00\",\"dateModified\":\"2024-02-12T15:13:37+00:00\",\"breadcrumb\":{\"@id\":\"https:\\\/\\\/vetica-group.com\\\/de\\\/new-member-of-the-board-prof-jan-erik-baars\\\/#breadcrumb\"},\"inLanguage\":\"de\",\"potentialAction\":[{\"@type\":\"ReadAction\",\"target\":[\"https:\\\/\\\/vetica-group.com\\\/de\\\/new-member-of-the-board-prof-jan-erik-baars\\\/\"]}]},{\"@type\":\"ImageObject\",\"inLanguage\":\"de\",\"@id\":\"https:\\\/\\\/vetica-group.com\\\/de\\\/new-member-of-the-board-prof-jan-erik-baars\\\/#primaryimage\",\"url\":\"https:\\\/\\\/vetica-group.com\\\/wp-content\\\/uploads\\\/2022\\\/12\\\/2020_04_New_Team_member_Jan_Erik.jpg\",\"contentUrl\":\"https:\\\/\\\/vetica-group.com\\\/wp-content\\\/uploads\\\/2022\\\/12\\\/2020_04_New_Team_member_Jan_Erik.jpg\",\"width\":1920,\"height\":1080,\"caption\":\"Board Member\"},{\"@type\":\"BreadcrumbList\",\"@id\":\"https:\\\/\\\/vetica-group.com\\\/de\\\/new-member-of-the-board-prof-jan-erik-baars\\\/#breadcrumb\",\"itemListElement\":[{\"@type\":\"ListItem\",\"position\":1,\"name\":\"Home\",\"item\":\"https:\\\/\\\/vetica-group.com\\\/de\\\/\"},{\"@type\":\"ListItem\",\"position\":2,\"name\":\"Neues Mitglied im Verwaltungsrat: Prof. Jan-Erik Baars\"}]},{\"@type\":\"WebSite\",\"@id\":\"https:\\\/\\\/vetica-group.com\\\/de\\\/#website\",\"url\":\"https:\\\/\\\/vetica-group.com\\\/de\\\/\",\"name\":\"Vetica Group\",\"description\":\"Vetica Group \u2014 Globally operating brand and design agency...\",\"publisher\":{\"@id\":\"https:\\\/\\\/vetica-group.com\\\/de\\\/#organization\"},\"alternateName\":\"Vetica\",\"potentialAction\":[{\"@type\":\"SearchAction\",\"target\":{\"@type\":\"EntryPoint\",\"urlTemplate\":\"https:\\\/\\\/vetica-group.com\\\/de\\\/?s={search_term_string}\"},\"query-input\":{\"@type\":\"PropertyValueSpecification\",\"valueRequired\":true,\"valueName\":\"search_term_string\"}}],\"inLanguage\":\"de\"},{\"@type\":\"Organization\",\"@id\":\"https:\\\/\\\/vetica-group.com\\\/de\\\/#organization\",\"name\":\"Vetica \u745e\u81f4\u54c1\u724c TAIPEI\",\"alternateName\":\"Vetica\",\"url\":\"https:\\\/\\\/vetica-group.com\\\/de\\\/\",\"logo\":{\"@type\":\"ImageObject\",\"inLanguage\":\"de\",\"@id\":\"https:\\\/\\\/vetica-group.com\\\/de\\\/#\\\/schema\\\/logo\\\/image\\\/\",\"url\":\"https:\\\/\\\/www.vetica-group.com\\\/wp-content\\\/uploads\\\/2023\\\/06\\\/Vetica-Taipei-Logo-Dark.svg\",\"contentUrl\":\"https:\\\/\\\/www.vetica-group.com\\\/wp-content\\\/uploads\\\/2023\\\/06\\\/Vetica-Taipei-Logo-Dark.svg\",\"width\":97,\"height\":84,\"caption\":\"Vetica \u745e\u81f4\u54c1\u724c TAIPEI\"},\"image\":{\"@id\":\"https:\\\/\\\/vetica-group.com\\\/de\\\/#\\\/schema\\\/logo\\\/image\\\/\"},\"sameAs\":[\"https:\\\/\\\/www.facebook.com\\\/veticagroup\\\/\",\"https:\\\/\\\/x.com\\\/veticagroup\",\"https:\\\/\\\/www.linkedin.com\\\/company\\\/vetica-\u745e\u81f4\u53f0\u5317-taipei\",\"https:\\\/\\\/www.instagram.com\\\/vetica_taipei\\\/\"]},{\"@type\":\"Person\",\"@id\":\"https:\\\/\\\/vetica-group.com\\\/de\\\/#\\\/schema\\\/person\\\/c6594bb349e22c92165d0bde48afd885\",\"name\":\"Vetica Group\",\"image\":{\"@type\":\"ImageObject\",\"inLanguage\":\"de\",\"@id\":\"https:\\\/\\\/vetica-group.com\\\/wp-content\\\/litespeed\\\/avatar\\\/43be01fb5e964d0ba9de12ed6c400f37.jpg?ver=1777361358\",\"url\":\"https:\\\/\\\/vetica-group.com\\\/wp-content\\\/litespeed\\\/avatar\\\/43be01fb5e964d0ba9de12ed6c400f37.jpg?ver=1777361358\",\"contentUrl\":\"https:\\\/\\\/vetica-group.com\\\/wp-content\\\/litespeed\\\/avatar\\\/43be01fb5e964d0ba9de12ed6c400f37.jpg?ver=1777361358\",\"caption\":\"Vetica Group\"}}]}<\/script>\n<!-- \/ Yoast SEO plugin. -->","yoast_head_json":{"title":"Neues Mitglied im Verwaltungsrat: Prof. Jan-Erik Baars &#8226; Vetica Group AG","robots":{"index":"index","follow":"follow","max-snippet":"max-snippet:-1","max-image-preview":"max-image-preview:large","max-video-preview":"max-video-preview:-1"},"canonical":"https:\/\/vetica-group.com\/de\/new-member-of-the-board-prof-jan-erik-baars\/","og_locale":"de_DE","og_type":"article","og_title":"Neues Mitglied im Verwaltungsrat: Prof. Jan-Erik Baars &#8226; Vetica Group AG","og_description":"Jan-Erik Baars ist seit dem 1. M\u00e4rz 2020 Mitglied im Verwaltungsrat der Vetica Group. Durch seine langj\u00e4hrige Erfahrung als Designer, Designmanager...","og_url":"https:\/\/vetica-group.com\/de\/new-member-of-the-board-prof-jan-erik-baars\/","og_site_name":"Vetica Group AG","article_publisher":"https:\/\/www.facebook.com\/veticagroup\/","article_published_time":"2020-04-02T13:58:38+00:00","article_modified_time":"2024-02-12T15:13:37+00:00","og_image":[{"width":1920,"height":1080,"url":"https:\/\/vetica-group.com\/wp-content\/uploads\/2022\/12\/2020_04_New_Team_member_Jan_Erik.jpg","type":"image\/jpeg"}],"author":"Vetica Group","twitter_card":"summary_large_image","twitter_creator":"@veticagroup","twitter_site":"@veticagroup","twitter_misc":{"Verfasst von":"Vetica Group","Gesch\u00e4tzte Lesezeit":"3\u00a0Minuten"},"schema":{"@context":"https:\/\/schema.org","@graph":[{"@type":"Article","@id":"https:\/\/vetica-group.com\/de\/new-member-of-the-board-prof-jan-erik-baars\/#article","isPartOf":{"@id":"https:\/\/vetica-group.com\/de\/new-member-of-the-board-prof-jan-erik-baars\/"},"author":{"name":"Vetica Group","@id":"https:\/\/vetica-group.com\/de\/#\/schema\/person\/c6594bb349e22c92165d0bde48afd885"},"headline":"Neues Mitglied im Verwaltungsrat: Prof. Jan-Erik Baars","datePublished":"2020-04-02T13:58:38+00:00","dateModified":"2024-02-12T15:13:37+00:00","mainEntityOfPage":{"@id":"https:\/\/vetica-group.com\/de\/new-member-of-the-board-prof-jan-erik-baars\/"},"wordCount":1012,"publisher":{"@id":"https:\/\/vetica-group.com\/de\/#organization"},"image":{"@id":"https:\/\/vetica-group.com\/de\/new-member-of-the-board-prof-jan-erik-baars\/#primaryimage"},"thumbnailUrl":"https:\/\/vetica-group.com\/wp-content\/uploads\/2022\/12\/2020_04_New_Team_member_Jan_Erik.jpg","articleSection":["News"],"inLanguage":"de"},{"@type":"WebPage","@id":"https:\/\/vetica-group.com\/de\/new-member-of-the-board-prof-jan-erik-baars\/","url":"https:\/\/vetica-group.com\/de\/new-member-of-the-board-prof-jan-erik-baars\/","name":"Neues Mitglied im Verwaltungsrat: Prof. Jan-Erik Baars &#8226; Vetica Group AG","isPartOf":{"@id":"https:\/\/vetica-group.com\/de\/#website"},"primaryImageOfPage":{"@id":"https:\/\/vetica-group.com\/de\/new-member-of-the-board-prof-jan-erik-baars\/#primaryimage"},"image":{"@id":"https:\/\/vetica-group.com\/de\/new-member-of-the-board-prof-jan-erik-baars\/#primaryimage"},"thumbnailUrl":"https:\/\/vetica-group.com\/wp-content\/uploads\/2022\/12\/2020_04_New_Team_member_Jan_Erik.jpg","datePublished":"2020-04-02T13:58:38+00:00","dateModified":"2024-02-12T15:13:37+00:00","breadcrumb":{"@id":"https:\/\/vetica-group.com\/de\/new-member-of-the-board-prof-jan-erik-baars\/#breadcrumb"},"inLanguage":"de","potentialAction":[{"@type":"ReadAction","target":["https:\/\/vetica-group.com\/de\/new-member-of-the-board-prof-jan-erik-baars\/"]}]},{"@type":"ImageObject","inLanguage":"de","@id":"https:\/\/vetica-group.com\/de\/new-member-of-the-board-prof-jan-erik-baars\/#primaryimage","url":"https:\/\/vetica-group.com\/wp-content\/uploads\/2022\/12\/2020_04_New_Team_member_Jan_Erik.jpg","contentUrl":"https:\/\/vetica-group.com\/wp-content\/uploads\/2022\/12\/2020_04_New_Team_member_Jan_Erik.jpg","width":1920,"height":1080,"caption":"Board Member"},{"@type":"BreadcrumbList","@id":"https:\/\/vetica-group.com\/de\/new-member-of-the-board-prof-jan-erik-baars\/#breadcrumb","itemListElement":[{"@type":"ListItem","position":1,"name":"Home","item":"https:\/\/vetica-group.com\/de\/"},{"@type":"ListItem","position":2,"name":"Neues Mitglied im Verwaltungsrat: Prof. Jan-Erik Baars"}]},{"@type":"WebSite","@id":"https:\/\/vetica-group.com\/de\/#website","url":"https:\/\/vetica-group.com\/de\/","name":"Vetica Group","description":"Vetica Group \u2014 Globally operating brand and design agency...","publisher":{"@id":"https:\/\/vetica-group.com\/de\/#organization"},"alternateName":"Vetica","potentialAction":[{"@type":"SearchAction","target":{"@type":"EntryPoint","urlTemplate":"https:\/\/vetica-group.com\/de\/?s={search_term_string}"},"query-input":{"@type":"PropertyValueSpecification","valueRequired":true,"valueName":"search_term_string"}}],"inLanguage":"de"},{"@type":"Organization","@id":"https:\/\/vetica-group.com\/de\/#organization","name":"Vetica \u745e\u81f4\u54c1\u724c TAIPEI","alternateName":"Vetica","url":"https:\/\/vetica-group.com\/de\/","logo":{"@type":"ImageObject","inLanguage":"de","@id":"https:\/\/vetica-group.com\/de\/#\/schema\/logo\/image\/","url":"https:\/\/www.vetica-group.com\/wp-content\/uploads\/2023\/06\/Vetica-Taipei-Logo-Dark.svg","contentUrl":"https:\/\/www.vetica-group.com\/wp-content\/uploads\/2023\/06\/Vetica-Taipei-Logo-Dark.svg","width":97,"height":84,"caption":"Vetica \u745e\u81f4\u54c1\u724c TAIPEI"},"image":{"@id":"https:\/\/vetica-group.com\/de\/#\/schema\/logo\/image\/"},"sameAs":["https:\/\/www.facebook.com\/veticagroup\/","https:\/\/x.com\/veticagroup","https:\/\/www.linkedin.com\/company\/vetica-\u745e\u81f4\u53f0\u5317-taipei","https:\/\/www.instagram.com\/vetica_taipei\/"]},{"@type":"Person","@id":"https:\/\/vetica-group.com\/de\/#\/schema\/person\/c6594bb349e22c92165d0bde48afd885","name":"Vetica Group","image":{"@type":"ImageObject","inLanguage":"de","@id":"https:\/\/vetica-group.com\/wp-content\/litespeed\/avatar\/43be01fb5e964d0ba9de12ed6c400f37.jpg?ver=1777361358","url":"https:\/\/vetica-group.com\/wp-content\/litespeed\/avatar\/43be01fb5e964d0ba9de12ed6c400f37.jpg?ver=1777361358","contentUrl":"https:\/\/vetica-group.com\/wp-content\/litespeed\/avatar\/43be01fb5e964d0ba9de12ed6c400f37.jpg?ver=1777361358","caption":"Vetica Group"}}]}},"_links":{"self":[{"href":"https:\/\/vetica-group.com\/de\/wp-json\/wp\/v2\/posts\/4716","targetHints":{"allow":["GET"]}}],"collection":[{"href":"https:\/\/vetica-group.com\/de\/wp-json\/wp\/v2\/posts"}],"about":[{"href":"https:\/\/vetica-group.com\/de\/wp-json\/wp\/v2\/types\/post"}],"author":[{"embeddable":true,"href":"https:\/\/vetica-group.com\/de\/wp-json\/wp\/v2\/users\/14"}],"replies":[{"embeddable":true,"href":"https:\/\/vetica-group.com\/de\/wp-json\/wp\/v2\/comments?post=4716"}],"version-history":[{"count":0,"href":"https:\/\/vetica-group.com\/de\/wp-json\/wp\/v2\/posts\/4716\/revisions"}],"wp:featuredmedia":[{"embeddable":true,"href":"https:\/\/vetica-group.com\/de\/wp-json\/wp\/v2\/media\/3635"}],"wp:attachment":[{"href":"https:\/\/vetica-group.com\/de\/wp-json\/wp\/v2\/media?parent=4716"}],"wp:term":[{"taxonomy":"category","embeddable":true,"href":"https:\/\/vetica-group.com\/de\/wp-json\/wp\/v2\/categories?post=4716"},{"taxonomy":"post_tag","embeddable":true,"href":"https:\/\/vetica-group.com\/de\/wp-json\/wp\/v2\/tags?post=4716"}],"curies":[{"name":"wp","href":"https:\/\/api.w.org\/{rel}","templated":true}]}}